{"id":1936,"date":"2019-09-13T11:46:03","date_gmt":"2019-09-13T09:46:03","guid":{"rendered":"http:\/\/ciudadexpo.com\/ciudad\/?p=1936"},"modified":"2019-09-13T11:46:07","modified_gmt":"2019-09-13T09:46:07","slug":"temporada-de-piscina-club-social-2018-apertura-dia-2-de-junio-2-2","status":"publish","type":"post","link":"https:\/\/ciudadexpo.com\/ciudad\/temporada-de-piscina-club-social-2018-apertura-dia-2-de-junio-2-2\/","title":{"rendered":"Ma\u00f1ana s\u00e1bado d\u00eda 14 de  Septiembre se cerrar\u00e1 la piscina del Club Social a causa de las lluvias previstas. La fiesta de clausura se celebrar\u00e1 el domingo d\u00eda 15."},"content":{"rendered":"\n<p><\/p>\n\n\n\n<p><\/p>\n","protected":false},"excerpt":{"rendered":"","protected":false},"author":10,"featured_media":0,"comment_status":"open","ping_status":"open","sticky":false,"template":"","format":"standard","meta":{"footnotes":""},"categories":[34],"tags":[35],"class_list":["post-1936","post","type-post","status-publish","format-standard","hentry","category-post-it","tag-post-it"],"_links":{"self":[{"href":"https:\/\/ciudadexpo.com\/ciudad\/wp-json\/wp\/v2\/posts\/1936","targetHints":{"allow":["GET"]}}],"collection":[{"href":"https:\/\/ciudadexpo.com\/ciudad\/wp-json\/wp\/v2\/posts"}],"about":[{"href":"https:\/\/ciudadexpo.com\/ciudad\/wp-json\/wp\/v2\/types\/post"}],"author":[{"embeddable":true,"href":"https:\/\/ciudadexpo.com\/ciudad\/wp-json\/wp\/v2\/users\/10"}],"replies":[{"embeddable":true,"href":"https:\/\/ciudadexpo.com\/ciudad\/wp-json\/wp\/v2\/comments?post=1936"}],"version-history":[{"count":1,"href":"https:\/\/ciudadexpo.com\/ciudad\/wp-json\/wp\/v2\/posts\/1936\/revisions"}],"predecessor-version":[{"id":1937,"href":"https:\/\/ciudadexpo.com\/ciudad\/wp-json\/wp\/v2\/posts\/1936\/revisions\/1937"}],"wp:attachment":[{"href":"https:\/\/ciudadexpo.com\/ciudad\/wp-json\/wp\/v2\/media?parent=1936"}],"wp:term":[{"taxonomy":"category","embeddable":true,"href":"https:\/\/ciudadexpo.com\/ciudad\/wp-json\/wp\/v2\/categories?post=1936"},{"taxonomy":"post_tag","embeddable":true,"href":"https:\/\/ciudadexpo.com\/ciudad\/wp-json\/wp\/v2\/tags?post=1936"}],"curies":[{"name":"wp","href":"https:\/\/api.w.org\/{rel}","templated":true}]}}